{"id":23889,"date":"2022-12-20T15:11:30","date_gmt":"2022-12-20T13:11:30","guid":{"rendered":"https:\/\/imago-mc.com\/pruebas\/kids\/?p=23889"},"modified":"2022-12-20T16:51:11","modified_gmt":"2022-12-20T14:51:11","slug":"kids-cluster-al-programa-fet-a-mida","status":"publish","type":"post","link":"https:\/\/www.kids-cluster.com\/es\/kids-cluster-al-programa-fet-a-mida\/","title":{"rendered":"KID&#8217;S CLUSTER al programa Fet a Mida de La Xarxa"},"content":{"rendered":"<p><strong>Anna L\u00f3pez<\/strong>, directora de KID\u2019S CLUSTER, ha intervingut en la <strong>taula rodona organitzada pel programa <em>Fet a Mida<\/em><\/strong> de La xarxa per parlar sobre\u00a0l&#8217;<strong>acord arribat sobre la regulaci\u00f3 de la publicitat infantil<\/strong>.<\/p>\n<p>El <strong>Ministeri de Consum<\/strong>, l&#8217;<strong>Associaci\u00f3 Espanyola de Fabricants de Joguines<\/strong> (AEFJ) i <strong>Autocontrol<\/strong> han acordat <strong>regular la publicitat infantil amb nou codi deontol\u00f2gic<\/strong> que <strong>prohibeix els anuncis<\/strong> adre\u00e7ats a aquest p\u00fablic en qu\u00e8 es <strong>presenti les nenes amb una imatge sexualitzada o hi hagi rols de g\u00e8nere<\/strong>.<\/p>\n<p>Ara que s&#8217;acosten les festes de Nadal i la televisi\u00f3 s&#8217;omplir\u00e0 d&#8217;anuncis amb joguines, comprovarem si es compleix aquest nou codi. Per aix\u00f2, durant la taula rodona organitzada pel programa Fet a mida hem intercanviat punts de vista amb la presidenta de l&#8217;<strong>Institut Catal\u00e0 de les Dones<\/strong>, <strong>Meritxell Bened\u00ed<\/strong>; la directora de <strong>KID&#8217;S CLUSTER<\/strong>, <strong>Anna L\u00f3pez<\/strong>, i el deg\u00e0 del <strong>Col\u00b7legi del M\u00e0rqueting i la Comunicaci\u00f3 de Catalunya<\/strong>, <strong>Miquel Campmany<\/strong>.<\/p>\n<p>Segons Anna L\u00f3pez, <em>\u00abEls jocs i els missatges que s&#8217;adrecen als infants a trav\u00e9s, per exemple, de la publicitat contribueix a la creaci\u00f3 d&#8217;estereotips de g\u00e8nere que comporten conductes de discriminaci\u00f3 i tamb\u00e9 problemes de benestar amb la pr\u00f2pia imatge i comportament. A partir dels 6 anys, les nenes comencen a veure&#8217;s a si mateixes menys talentoses amb relaci\u00f3 als nens.\u00bb<\/em><\/p>\n<p>No et perdis <a href=\"https:\/\/www.alacarta.cat\/fetamida\/capitol\/fet_a_mida_16122022\">el programa<\/a>!<\/p>\n","protected":false},"excerpt":{"rendered":"<p>Anna L\u00f3pez, directora de KID\u2019S CLUSTER, ha intervingut en la taula rodona organitzada pel programa Fet a Mida de La xarxa per parlar sobre\u00a0l&#8217;acord arribat  [&#8230;]<\/p>\n","protected":false},"author":4,"featured_media":23875,"comment_status":"closed","ping_status":"open","sticky":false,"template":"","format":"standard","meta":{"_price":"","_stock":"","_tribe_ticket_header":"","_tribe_default_ticket_provider":"","_tribe_ticket_capacity":"0","_ticket_start_date":"","_ticket_end_date":"","_tribe_ticket_show_description":"","_tribe_ticket_show_not_going":false,"_tribe_ticket_use_global_stock":"","_tribe_ticket_global_stock_level":"","_global_stock_mode":"","_global_stock_cap":"","_tribe_rsvp_for_event":"","_tribe_ticket_going_count":"","_tribe_ticket_not_going_count":"","_tribe_tickets_list":"[]","_tribe_ticket_has_attendee_info_fields":false,"footnotes":""},"categories":[66,3],"tags":[],"class_list":["post-23889","post","type-post","status-publish","format-standard","has-post-thumbnail","hentry","category-actualidad","category-sin-categorizar"],"yoast_head":"<!-- This site is optimized with the Yoast SEO plugin v27.4 - https:\/\/yoast.com\/product\/yoast-seo-wordpress\/ -->\n<title>KID&#039;S CLUSTER al programa Fet a Mida de La Xarxa - KIDS CLUSTER<\/title>\n<meta name=\"robots\" content=\"index, follow, max-snippet:-1, max-image-preview:large, max-video-preview:-1\" \/>\n<link rel=\"canonical\" href=\"https:\/\/www.kids-cluster.com\/es\/kids-cluster-al-programa-fet-a-mida\/\" \/>\n<meta property=\"og:locale\" content=\"es_ES\" \/>\n<meta property=\"og:type\" content=\"article\" \/>\n<meta property=\"og:title\" content=\"KID&#039;S CLUSTER al programa Fet a Mida de La Xarxa - KIDS CLUSTER\" \/>\n<meta property=\"og:description\" content=\"Anna L\u00f3pez, directora de KID\u2019S CLUSTER, ha intervingut en la taula rodona organitzada pel programa Fet a Mida de La xarxa per parlar sobre\u00a0l&#8217;acord arribat [...]\" \/>\n<meta property=\"og:url\" content=\"https:\/\/www.kids-cluster.com\/es\/kids-cluster-al-programa-fet-a-mida\/\" \/>\n<meta property=\"og:site_name\" content=\"KIDS CLUSTER\" \/>\n<meta property=\"article:published_time\" content=\"2022-12-20T13:11:30+00:00\" \/>\n<meta property=\"article:modified_time\" content=\"2022-12-20T14:51:11+00:00\" \/>\n<meta property=\"og:image\" content=\"https:\/\/www.kids-cluster.com\/wp-content\/uploads\/2022\/12\/Tele-Fet-a-Mida-KIDS-CLUSTER.png\" \/>\n\t<meta property=\"og:image:width\" content=\"1330\" \/>\n\t<meta property=\"og:image:height\" content=\"520\" \/>\n\t<meta property=\"og:image:type\" content=\"image\/png\" \/>\n<meta name=\"author\" content=\"alopez@kids-cluster.com\" \/>\n<meta name=\"twitter:card\" content=\"summary_large_image\" \/>\n<meta name=\"twitter:creator\" content=\"@KIDSCLUSTER\" \/>\n<meta name=\"twitter:site\" content=\"@KIDSCLUSTER\" \/>\n<meta name=\"twitter:label1\" content=\"Escrito por\" \/>\n\t<meta name=\"twitter:data1\" content=\"alopez@kids-cluster.com\" \/>\n\t<meta name=\"twitter:label2\" content=\"Tiempo de lectura\" \/>\n\t<meta name=\"twitter:data2\" content=\"1 minuto\" \/>\n<script type=\"application\/ld+json\" class=\"yoast-schema-graph\">{\"@context\":\"https:\\\/\\\/schema.org\",\"@graph\":[{\"@type\":\"Article\",\"@id\":\"https:\\\/\\\/www.kids-cluster.com\\\/es\\\/kids-cluster-al-programa-fet-a-mida\\\/#article\",\"isPartOf\":{\"@id\":\"https:\\\/\\\/www.kids-cluster.com\\\/es\\\/kids-cluster-al-programa-fet-a-mida\\\/\"},\"author\":{\"name\":\"alopez@kids-cluster.com\",\"@id\":\"https:\\\/\\\/www.kids-cluster.com\\\/#\\\/schema\\\/person\\\/b9ca12b25e79ed017270c39d668a49df\"},\"headline\":\"KID&#8217;S CLUSTER al programa Fet a Mida de La Xarxa\",\"datePublished\":\"2022-12-20T13:11:30+00:00\",\"dateModified\":\"2022-12-20T14:51:11+00:00\",\"mainEntityOfPage\":{\"@id\":\"https:\\\/\\\/www.kids-cluster.com\\\/es\\\/kids-cluster-al-programa-fet-a-mida\\\/\"},\"wordCount\":249,\"publisher\":{\"@id\":\"https:\\\/\\\/www.kids-cluster.com\\\/#organization\"},\"image\":{\"@id\":\"https:\\\/\\\/www.kids-cluster.com\\\/es\\\/kids-cluster-al-programa-fet-a-mida\\\/#primaryimage\"},\"thumbnailUrl\":\"https:\\\/\\\/www.kids-cluster.com\\\/wp-content\\\/uploads\\\/2022\\\/12\\\/Tele-Fet-a-Mida-KIDS-CLUSTER.png\",\"articleSection\":[\"Actualidad\",\"Sin categorizar\"],\"inLanguage\":\"es\"},{\"@type\":\"WebPage\",\"@id\":\"https:\\\/\\\/www.kids-cluster.com\\\/es\\\/kids-cluster-al-programa-fet-a-mida\\\/\",\"url\":\"https:\\\/\\\/www.kids-cluster.com\\\/es\\\/kids-cluster-al-programa-fet-a-mida\\\/\",\"name\":\"KID'S CLUSTER al programa Fet a Mida de La Xarxa - KIDS CLUSTER\",\"isPartOf\":{\"@id\":\"https:\\\/\\\/www.kids-cluster.com\\\/#website\"},\"primaryImageOfPage\":{\"@id\":\"https:\\\/\\\/www.kids-cluster.com\\\/es\\\/kids-cluster-al-programa-fet-a-mida\\\/#primaryimage\"},\"image\":{\"@id\":\"https:\\\/\\\/www.kids-cluster.com\\\/es\\\/kids-cluster-al-programa-fet-a-mida\\\/#primaryimage\"},\"thumbnailUrl\":\"https:\\\/\\\/www.kids-cluster.com\\\/wp-content\\\/uploads\\\/2022\\\/12\\\/Tele-Fet-a-Mida-KIDS-CLUSTER.png\",\"datePublished\":\"2022-12-20T13:11:30+00:00\",\"dateModified\":\"2022-12-20T14:51:11+00:00\",\"breadcrumb\":{\"@id\":\"https:\\\/\\\/www.kids-cluster.com\\\/es\\\/kids-cluster-al-programa-fet-a-mida\\\/#breadcrumb\"},\"inLanguage\":\"es\",\"potentialAction\":[{\"@type\":\"ReadAction\",\"target\":[\"https:\\\/\\\/www.kids-cluster.com\\\/es\\\/kids-cluster-al-programa-fet-a-mida\\\/\"]}]},{\"@type\":\"ImageObject\",\"inLanguage\":\"es\",\"@id\":\"https:\\\/\\\/www.kids-cluster.com\\\/es\\\/kids-cluster-al-programa-fet-a-mida\\\/#primaryimage\",\"url\":\"https:\\\/\\\/www.kids-cluster.com\\\/wp-content\\\/uploads\\\/2022\\\/12\\\/Tele-Fet-a-Mida-KIDS-CLUSTER.png\",\"contentUrl\":\"https:\\\/\\\/www.kids-cluster.com\\\/wp-content\\\/uploads\\\/2022\\\/12\\\/Tele-Fet-a-Mida-KIDS-CLUSTER.png\",\"width\":1330,\"height\":520,\"caption\":\"Tele Fet a Mida - KID'S CLUSTER\"},{\"@type\":\"BreadcrumbList\",\"@id\":\"https:\\\/\\\/www.kids-cluster.com\\\/es\\\/kids-cluster-al-programa-fet-a-mida\\\/#breadcrumb\",\"itemListElement\":[{\"@type\":\"ListItem\",\"position\":1,\"name\":\"Home\",\"item\":\"https:\\\/\\\/www.kids-cluster.com\\\/es\\\/\"},{\"@type\":\"ListItem\",\"position\":2,\"name\":\"KID&#8217;S CLUSTER al programa Fet a Mida de La Xarxa\"}]},{\"@type\":\"WebSite\",\"@id\":\"https:\\\/\\\/www.kids-cluster.com\\\/#website\",\"url\":\"https:\\\/\\\/www.kids-cluster.com\\\/\",\"name\":\"KIDS CLUSTER\",\"description\":\"La inf\u00e0ncia, la nostra ra\u00f3 de ser\",\"publisher\":{\"@id\":\"https:\\\/\\\/www.kids-cluster.com\\\/#organization\"},\"alternateName\":\"KIDS CLUSTER\",\"potentialAction\":[{\"@type\":\"SearchAction\",\"target\":{\"@type\":\"EntryPoint\",\"urlTemplate\":\"https:\\\/\\\/www.kids-cluster.com\\\/?s={search_term_string}\"},\"query-input\":{\"@type\":\"PropertyValueSpecification\",\"valueRequired\":true,\"valueName\":\"search_term_string\"}}],\"inLanguage\":\"es\"},{\"@type\":\"Organization\",\"@id\":\"https:\\\/\\\/www.kids-cluster.com\\\/#organization\",\"name\":\"KIDS CLUSTER\",\"url\":\"https:\\\/\\\/www.kids-cluster.com\\\/\",\"logo\":{\"@type\":\"ImageObject\",\"inLanguage\":\"es\",\"@id\":\"https:\\\/\\\/www.kids-cluster.com\\\/#\\\/schema\\\/logo\\\/image\\\/\",\"url\":\"https:\\\/\\\/www.kids-cluster.com\\\/wp-content\\\/uploads\\\/2023\\\/10\\\/LOGO-KIDS-CLUSTER-orange.png\",\"contentUrl\":\"https:\\\/\\\/www.kids-cluster.com\\\/wp-content\\\/uploads\\\/2023\\\/10\\\/LOGO-KIDS-CLUSTER-orange.png\",\"width\":1002,\"height\":467,\"caption\":\"KIDS CLUSTER\"},\"image\":{\"@id\":\"https:\\\/\\\/www.kids-cluster.com\\\/#\\\/schema\\\/logo\\\/image\\\/\"},\"sameAs\":[\"https:\\\/\\\/x.com\\\/KIDSCLUSTER\",\"https:\\\/\\\/www.instagram.com\\\/kidscluster\\\/\",\"https:\\\/\\\/www.youtube.com\\\/@kidscluster8265\",\"https:\\\/\\\/www.linkedin.com\\\/company\\\/kids-cluster\\\/\"]},{\"@type\":\"Person\",\"@id\":\"https:\\\/\\\/www.kids-cluster.com\\\/#\\\/schema\\\/person\\\/b9ca12b25e79ed017270c39d668a49df\",\"name\":\"alopez@kids-cluster.com\",\"url\":\"https:\\\/\\\/www.kids-cluster.com\\\/es\\\/author\\\/kidscluster\\\/\"}]}<\/script>\n<!-- \/ Yoast SEO plugin. -->","yoast_head_json":{"title":"KID'S CLUSTER al programa Fet a Mida de La Xarxa - KIDS CLUSTER","robots":{"index":"index","follow":"follow","max-snippet":"max-snippet:-1","max-image-preview":"max-image-preview:large","max-video-preview":"max-video-preview:-1"},"canonical":"https:\/\/www.kids-cluster.com\/es\/kids-cluster-al-programa-fet-a-mida\/","og_locale":"es_ES","og_type":"article","og_title":"KID'S CLUSTER al programa Fet a Mida de La Xarxa - KIDS CLUSTER","og_description":"Anna L\u00f3pez, directora de KID\u2019S CLUSTER, ha intervingut en la taula rodona organitzada pel programa Fet a Mida de La xarxa per parlar sobre\u00a0l&#8217;acord arribat [...]","og_url":"https:\/\/www.kids-cluster.com\/es\/kids-cluster-al-programa-fet-a-mida\/","og_site_name":"KIDS CLUSTER","article_published_time":"2022-12-20T13:11:30+00:00","article_modified_time":"2022-12-20T14:51:11+00:00","og_image":[{"width":1330,"height":520,"url":"https:\/\/www.kids-cluster.com\/wp-content\/uploads\/2022\/12\/Tele-Fet-a-Mida-KIDS-CLUSTER.png","type":"image\/png"}],"author":"alopez@kids-cluster.com","twitter_card":"summary_large_image","twitter_creator":"@KIDSCLUSTER","twitter_site":"@KIDSCLUSTER","twitter_misc":{"Escrito por":"alopez@kids-cluster.com","Tiempo de lectura":"1 minuto"},"schema":{"@context":"https:\/\/schema.org","@graph":[{"@type":"Article","@id":"https:\/\/www.kids-cluster.com\/es\/kids-cluster-al-programa-fet-a-mida\/#article","isPartOf":{"@id":"https:\/\/www.kids-cluster.com\/es\/kids-cluster-al-programa-fet-a-mida\/"},"author":{"name":"alopez@kids-cluster.com","@id":"https:\/\/www.kids-cluster.com\/#\/schema\/person\/b9ca12b25e79ed017270c39d668a49df"},"headline":"KID&#8217;S CLUSTER al programa Fet a Mida de La Xarxa","datePublished":"2022-12-20T13:11:30+00:00","dateModified":"2022-12-20T14:51:11+00:00","mainEntityOfPage":{"@id":"https:\/\/www.kids-cluster.com\/es\/kids-cluster-al-programa-fet-a-mida\/"},"wordCount":249,"publisher":{"@id":"https:\/\/www.kids-cluster.com\/#organization"},"image":{"@id":"https:\/\/www.kids-cluster.com\/es\/kids-cluster-al-programa-fet-a-mida\/#primaryimage"},"thumbnailUrl":"https:\/\/www.kids-cluster.com\/wp-content\/uploads\/2022\/12\/Tele-Fet-a-Mida-KIDS-CLUSTER.png","articleSection":["Actualidad","Sin categorizar"],"inLanguage":"es"},{"@type":"WebPage","@id":"https:\/\/www.kids-cluster.com\/es\/kids-cluster-al-programa-fet-a-mida\/","url":"https:\/\/www.kids-cluster.com\/es\/kids-cluster-al-programa-fet-a-mida\/","name":"KID'S CLUSTER al programa Fet a Mida de La Xarxa - KIDS CLUSTER","isPartOf":{"@id":"https:\/\/www.kids-cluster.com\/#website"},"primaryImageOfPage":{"@id":"https:\/\/www.kids-cluster.com\/es\/kids-cluster-al-programa-fet-a-mida\/#primaryimage"},"image":{"@id":"https:\/\/www.kids-cluster.com\/es\/kids-cluster-al-programa-fet-a-mida\/#primaryimage"},"thumbnailUrl":"https:\/\/www.kids-cluster.com\/wp-content\/uploads\/2022\/12\/Tele-Fet-a-Mida-KIDS-CLUSTER.png","datePublished":"2022-12-20T13:11:30+00:00","dateModified":"2022-12-20T14:51:11+00:00","breadcrumb":{"@id":"https:\/\/www.kids-cluster.com\/es\/kids-cluster-al-programa-fet-a-mida\/#breadcrumb"},"inLanguage":"es","potentialAction":[{"@type":"ReadAction","target":["https:\/\/www.kids-cluster.com\/es\/kids-cluster-al-programa-fet-a-mida\/"]}]},{"@type":"ImageObject","inLanguage":"es","@id":"https:\/\/www.kids-cluster.com\/es\/kids-cluster-al-programa-fet-a-mida\/#primaryimage","url":"https:\/\/www.kids-cluster.com\/wp-content\/uploads\/2022\/12\/Tele-Fet-a-Mida-KIDS-CLUSTER.png","contentUrl":"https:\/\/www.kids-cluster.com\/wp-content\/uploads\/2022\/12\/Tele-Fet-a-Mida-KIDS-CLUSTER.png","width":1330,"height":520,"caption":"Tele Fet a Mida - KID'S CLUSTER"},{"@type":"BreadcrumbList","@id":"https:\/\/www.kids-cluster.com\/es\/kids-cluster-al-programa-fet-a-mida\/#breadcrumb","itemListElement":[{"@type":"ListItem","position":1,"name":"Home","item":"https:\/\/www.kids-cluster.com\/es\/"},{"@type":"ListItem","position":2,"name":"KID&#8217;S CLUSTER al programa Fet a Mida de La Xarxa"}]},{"@type":"WebSite","@id":"https:\/\/www.kids-cluster.com\/#website","url":"https:\/\/www.kids-cluster.com\/","name":"KIDS CLUSTER","description":"La inf\u00e0ncia, la nostra ra\u00f3 de ser","publisher":{"@id":"https:\/\/www.kids-cluster.com\/#organization"},"alternateName":"KIDS CLUSTER","potentialAction":[{"@type":"SearchAction","target":{"@type":"EntryPoint","urlTemplate":"https:\/\/www.kids-cluster.com\/?s={search_term_string}"},"query-input":{"@type":"PropertyValueSpecification","valueRequired":true,"valueName":"search_term_string"}}],"inLanguage":"es"},{"@type":"Organization","@id":"https:\/\/www.kids-cluster.com\/#organization","name":"KIDS CLUSTER","url":"https:\/\/www.kids-cluster.com\/","logo":{"@type":"ImageObject","inLanguage":"es","@id":"https:\/\/www.kids-cluster.com\/#\/schema\/logo\/image\/","url":"https:\/\/www.kids-cluster.com\/wp-content\/uploads\/2023\/10\/LOGO-KIDS-CLUSTER-orange.png","contentUrl":"https:\/\/www.kids-cluster.com\/wp-content\/uploads\/2023\/10\/LOGO-KIDS-CLUSTER-orange.png","width":1002,"height":467,"caption":"KIDS CLUSTER"},"image":{"@id":"https:\/\/www.kids-cluster.com\/#\/schema\/logo\/image\/"},"sameAs":["https:\/\/x.com\/KIDSCLUSTER","https:\/\/www.instagram.com\/kidscluster\/","https:\/\/www.youtube.com\/@kidscluster8265","https:\/\/www.linkedin.com\/company\/kids-cluster\/"]},{"@type":"Person","@id":"https:\/\/www.kids-cluster.com\/#\/schema\/person\/b9ca12b25e79ed017270c39d668a49df","name":"alopez@kids-cluster.com","url":"https:\/\/www.kids-cluster.com\/es\/author\/kidscluster\/"}]}},"_links":{"self":[{"href":"https:\/\/www.kids-cluster.com\/es\/wp-json\/wp\/v2\/posts\/23889","targetHints":{"allow":["GET"]}}],"collection":[{"href":"https:\/\/www.kids-cluster.com\/es\/wp-json\/wp\/v2\/posts"}],"about":[{"href":"https:\/\/www.kids-cluster.com\/es\/wp-json\/wp\/v2\/types\/post"}],"author":[{"embeddable":true,"href":"https:\/\/www.kids-cluster.com\/es\/wp-json\/wp\/v2\/users\/4"}],"replies":[{"embeddable":true,"href":"https:\/\/www.kids-cluster.com\/es\/wp-json\/wp\/v2\/comments?post=23889"}],"version-history":[{"count":3,"href":"https:\/\/www.kids-cluster.com\/es\/wp-json\/wp\/v2\/posts\/23889\/revisions"}],"predecessor-version":[{"id":23904,"href":"https:\/\/www.kids-cluster.com\/es\/wp-json\/wp\/v2\/posts\/23889\/revisions\/23904"}],"wp:featuredmedia":[{"embeddable":true,"href":"https:\/\/www.kids-cluster.com\/es\/wp-json\/wp\/v2\/media\/23875"}],"wp:attachment":[{"href":"https:\/\/www.kids-cluster.com\/es\/wp-json\/wp\/v2\/media?parent=23889"}],"wp:term":[{"taxonomy":"category","embeddable":true,"href":"https:\/\/www.kids-cluster.com\/es\/wp-json\/wp\/v2\/categories?post=23889"},{"taxonomy":"post_tag","embeddable":true,"href":"https:\/\/www.kids-cluster.com\/es\/wp-json\/wp\/v2\/tags?post=23889"}],"curies":[{"name":"wp","href":"https:\/\/api.w.org\/{rel}","templated":true}]}}